{"id":69,"date":"2020-02-17T21:09:00","date_gmt":"2020-02-18T03:09:00","guid":{"rendered":"https:\/\/noticias.unialianzahispana.edu.mx\/?p=69"},"modified":"2022-09-28T12:00:23","modified_gmt":"2022-09-28T17:00:23","slug":"conferencia-diseno-cultural-mundial","status":"publish","type":"post","link":"https:\/\/noticias.unialianzahispana.edu.mx\/?p=69","title":{"rendered":"CONFERENCIA: \u201cDISE\u00d1O CULTURAL MUNDIAL\u201d"},"content":{"rendered":"\t\t<div data-elementor-type=\"wp-post\" data-elementor-id=\"69\" class=\"elementor elementor-69\">\n\t\t\t\t\t\t\t\t\t<section class=\"elementor-section elementor-top-section elementor-element elementor-element-6044e316 elementor-section-boxed elementor-section-height-default elementor-section-height-default\" data-id=\"6044e316\" data-element_type=\"section\">\n\t\t\t\t\t\t<div class=\"elementor-container elementor-column-gap-default\">\n\t\t\t\t\t<div class=\"elementor-column elementor-col-100 elementor-top-column elementor-element elementor-element-693393ae\" data-id=\"693393ae\" data-element_type=\"column\">\n\t\t\t<div class=\"elementor-widget-wrap elementor-element-populated\">\n\t\t\t\t\t\t\t\t<div class=\"elementor-element elementor-element-48c5da5f elementor-widget elementor-widget-text-editor\" data-id=\"48c5da5f\" data-element_type=\"widget\" data-widget_type=\"text-editor.default\">\n\t\t\t\t<div class=\"elementor-widget-container\">\n\t\t\t<style>\/*! elementor - v3.13.2 - 11-05-2023 *\/\n.elementor-widget-text-editor.elementor-drop-cap-view-stacked .elementor-drop-cap{background-color:#69727d;color:#fff}.elementor-widget-text-editor.elementor-drop-cap-view-framed .elementor-drop-cap{color:#69727d;border:3px solid;background-color:transparent}.elementor-widget-text-editor:not(.elementor-drop-cap-view-default) .elementor-drop-cap{margin-top:8px}.elementor-widget-text-editor:not(.elementor-drop-cap-view-default) .elementor-drop-cap-letter{width:1em;height:1em}.elementor-widget-text-editor .elementor-drop-cap{float:left;text-align:center;line-height:1;font-size:50px}.elementor-widget-text-editor .elementor-drop-cap-letter{display:inline-block}<\/style>\t\t\t\t<!-- wp:paragraph -->\n<p style=\"text-align: justify;\">\u00a0<\/p>\n<!-- \/wp:paragraph --><!-- wp:image {\"id\":70,\"sizeSlug\":\"large\",\"linkDestination\":\"none\"} -->\n<figure class=\"wp-block-image size-large\"><img decoding=\"async\" loading=\"lazy\" width=\"1024\" height=\"576\" class=\"wp-image-70\" src=\"https:\/\/noticias.unialianzahispana.edu.mx\/wp-content\/uploads\/2022\/09\/conferencia-cultural-egipto-1024x576.jpg\" alt=\"\" srcset=\"https:\/\/noticias.unialianzahispana.edu.mx\/wp-content\/uploads\/2022\/09\/conferencia-cultural-egipto-1024x576.jpg 1024w, https:\/\/noticias.unialianzahispana.edu.mx\/wp-content\/uploads\/2022\/09\/conferencia-cultural-egipto-300x169.jpg 300w, https:\/\/noticias.unialianzahispana.edu.mx\/wp-content\/uploads\/2022\/09\/conferencia-cultural-egipto-768x432.jpg 768w, https:\/\/noticias.unialianzahispana.edu.mx\/wp-content\/uploads\/2022\/09\/conferencia-cultural-egipto-1536x864.jpg 1536w, https:\/\/noticias.unialianzahispana.edu.mx\/wp-content\/uploads\/2022\/09\/conferencia-cultural-egipto.jpg 1920w\" sizes=\"(max-width: 1024px) 100vw, 1024px\" \/><\/figure>\n<!-- \/wp:image --><!-- wp:paragraph -->\n<p style=\"text-align: justify;\"><em><strong>-Ustedes son mis amigos-<\/strong><\/em> Dijo Moustafa Awad, a quienes acudieron el d\u00eda de hoy a la conferencia: \u00abDise\u00f1o Cultural Mundial\u00bb.<\/p>\n<!-- \/wp:paragraph --><!-- wp:paragraph -->\n<p style=\"text-align: justify;\">Durante el evento llevado a cabo en nuestras instalaciones, se abord\u00f3 la importancia del trabajo del Dise\u00f1ador en el \u00e1mbito Cultural.<\/p>\n<!-- \/wp:paragraph --><!-- wp:paragraph -->\n<p style=\"text-align: justify;\">Moustafa Awad es un Dise\u00f1ador Gr\u00e1fico nacido en el Cairo, actualmente se desenvuelve en el Ministerio de Cultura de Egipto, tiene una gran trayectoria como dise\u00f1ador, enfocada principalmente al \u00e1rea Cultural.<\/p>\n<!-- \/wp:paragraph --><!-- wp:paragraph -->\n<p style=\"text-align: justify;\">El Mtro. Luis \u00c1ngel Carrasco Gasca, en un breve discurso reconoci\u00f3 la labor de Moustafa y de los esfuerzos realizados en su pa\u00eds para poder viajar a M\u00e9xico, y compartir su experiencia con nuestros estudiantes. Adem\u00e1s, enfatiz\u00f3 sobre el compromiso que tiene con la comunidad estudiantil de buscar, promover y apoyar el enriquecimiento acad\u00e9mico a trav\u00e9s de estas actividades. Agradeci\u00f3 tambi\u00e9n la gesti\u00f3n del DG Jorge Gonz\u00e1lez Morales, quien con su iniciativa, promovi\u00f3 la presencia de Moustafa.<\/p>\n<!-- \/wp:paragraph --><!-- wp:paragraph -->\n<p style=\"text-align: justify;\">Cabe resaltar que el Dise\u00f1ador Egipcio forma parte de la Exposici\u00f3n de Internacional de Carteles, inaugurada el pasado 15 de febrero en el municipio de Zacatl\u00e1n, y cuyo tema de exposici\u00f3n es: \u201cLucha contra el C\u00e1ncer Infantil\u201d.<\/p>\n<!-- \/wp:paragraph --><!-- wp:paragraph -->\n<p style=\"text-align: justify;\">Al finalizar la conferencia, los futuros dise\u00f1adores de esta casa de estudios tuvieron la oportunidad de compartir un momento con Moustafa, quien en todo momento mostr\u00f3 disposici\u00f3n para atender a los estudiantes.<\/p>\n<!-- \/wp:paragraph -->\t\t\t\t\t\t<\/div>\n\t\t\t\t<\/div>\n\t\t\t\t\t<\/div>\n\t\t<\/div>\n\t\t\t\t\t\t\t<\/div>\n\t\t<\/section>\n\t\t\t\t\t\t\t<\/div>\n\t\t","protected":false},"excerpt":{"rendered":"<p>-Ustedes son mis amigos- Dijo Moustafa Awad, a quienes acudieron el d\u00eda de hoy a la conferencia: \u00abDise\u00f1o Cultural Mundial\u00bb.<\/p>\n","protected":false},"author":1,"featured_media":70,"comment_status":"open","ping_status":"open","sticky":false,"template":"","format":"standard","meta":[],"categories":[3],"tags":[],"_links":{"self":[{"href":"https:\/\/noticias.unialianzahispana.edu.mx\/index.php?rest_route=\/wp\/v2\/posts\/69"}],"collection":[{"href":"https:\/\/noticias.unialianzahispana.edu.mx\/index.php?rest_route=\/wp\/v2\/posts"}],"about":[{"href":"https:\/\/noticias.unialianzahispana.edu.mx\/index.php?rest_route=\/wp\/v2\/types\/post"}],"author":[{"embeddable":true,"href":"https:\/\/noticias.unialianzahispana.edu.mx\/index.php?rest_route=\/wp\/v2\/users\/1"}],"replies":[{"embeddable":true,"href":"https:\/\/noticias.unialianzahispana.edu.mx\/index.php?rest_route=%2Fwp%2Fv2%2Fcomments&post=69"}],"version-history":[{"count":7,"href":"https:\/\/noticias.unialianzahispana.edu.mx\/index.php?rest_route=\/wp\/v2\/posts\/69\/revisions"}],"predecessor-version":[{"id":79,"href":"https:\/\/noticias.unialianzahispana.edu.mx\/index.php?rest_route=\/wp\/v2\/posts\/69\/revisions\/79"}],"wp:featuredmedia":[{"embeddable":true,"href":"https:\/\/noticias.unialianzahispana.edu.mx\/index.php?rest_route=\/wp\/v2\/media\/70"}],"wp:attachment":[{"href":"https:\/\/noticias.unialianzahispana.edu.mx\/index.php?rest_route=%2Fwp%2Fv2%2Fmedia&parent=69"}],"wp:term":[{"taxonomy":"category","embeddable":true,"href":"https:\/\/noticias.unialianzahispana.edu.mx\/index.php?rest_route=%2Fwp%2Fv2%2Fcategories&post=69"},{"taxonomy":"post_tag","embeddable":true,"href":"https:\/\/noticias.unialianzahispana.edu.mx\/index.php?rest_route=%2Fwp%2Fv2%2Ftags&post=69"}],"curies":[{"name":"wp","href":"https:\/\/api.w.org\/{rel}","templated":true}]}}