{"id":310,"date":"2025-08-02T16:49:19","date_gmt":"2025-08-02T22:49:19","guid":{"rendered":"https:\/\/noticias.unialianzahispana.edu.mx\/?p=310"},"modified":"2025-08-02T16:49:19","modified_gmt":"2025-08-02T22:49:19","slug":"protocolo-del-acto-publico-para-asignacion-de-campos-clinicos-a-prestadores-de-servicio-social-de-la-lic-en-psicologia-generacion-2021-2025%f0%9f%a7%a0","status":"publish","type":"post","link":"https:\/\/noticias.unialianzahispana.edu.mx\/?p=310","title":{"rendered":"PROTOCOLO DEL ACTO P\u00daBLICO PARA ASIGNACI\u00d3N DE CAMPOS CL\u00cdNICOS A PRESTADORES DE SERVICIO SOCIAL DE LA LIC. EN PSICOLOG\u00cdA GENERACI\u00d3N 2021-2025&#x1f9e0;"},"content":{"rendered":"\n<p>La Universidad Alianza Hispana en coordinaci\u00f3n con la Secretar\u00eda de Salud del Estado de Puebla, llev\u00f3 a cabo el Protocolo de Acto P\u00fablico para la asignaci\u00f3n de plazas a prestadores de Servicio Social de la Lic. en Psicolog\u00eda Generaci\u00f3n 2021-2025.<\/p>\n\n\n\n<p>Es importante destacar que esta Casa de Estudios desde el a\u00f1o 2024 ha incursionado en un proceso que est\u00e1 alineado con la normatividad a nivel nacional que establece las disposiciones para realizar el servicio social en carreras del \u00e1rea de la salud y afines, cumpliendo as\u00ed tanto con la Ley de Educaci\u00f3n como con la Ley de Salud en nuestro pa\u00eds y estado.<\/p>\n\n\n\n<p>Agradecemos la presencia en dicho acto del Lic. Jos\u00e9 \u00c1ngel Reyes Jefe del \u00c1rea de Carreras afines de los Servicios de Salud del Estado de Puebla y del Mtro. Luis \u00c1ngel Carrasco Gasca Rector de esta Casa de Estudios.<\/p>\n\n\n\n<p>En esta ocasi\u00f3n nuestras y nuestros pasantes estuvieron acompa\u00f1ados de sus familiares y seres queridos quienes fueron testigos de este proceso en el que cada uno tuvo la oportunidad de elegir campos cl\u00ednicos disponibles dentro de la jurisdicci\u00f3n sanitaria n\u00famero 1 y 2.<\/p>\n\n\n\n<p>Deseamos a todas y todos ellos un a\u00f1o de experiencias que contribuyan a su formaci\u00f3n profesional en el campo de la Psicolog\u00eda\u00bb.&#x1f9e0;&#x1f44f;<\/p>\n","protected":false},"excerpt":{"rendered":"<p>La Universidad Alianza Hispana en coordinaci\u00f3n con la Secretar\u00eda de Salud del Estado de Puebla, llev\u00f3 a cabo el Protocolo de Acto P\u00fablico para la asignaci\u00f3n de plazas a prestadores de Servicio Social de la Lic. en Psicolog\u00eda Generaci\u00f3n 2021-2025. Es importante destacar que esta Casa de Estudios desde el a\u00f1o 2024 ha incursionado en [&hellip;]<\/p>\n","protected":false},"author":3,"featured_media":311,"comment_status":"open","ping_status":"open","sticky":false,"template":"","format":"standard","meta":[],"categories":[3],"tags":[21,78,79,77,6],"_links":{"self":[{"href":"https:\/\/noticias.unialianzahispana.edu.mx\/index.php?rest_route=\/wp\/v2\/posts\/310"}],"collection":[{"href":"https:\/\/noticias.unialianzahispana.edu.mx\/index.php?rest_route=\/wp\/v2\/posts"}],"about":[{"href":"https:\/\/noticias.unialianzahispana.edu.mx\/index.php?rest_route=\/wp\/v2\/types\/post"}],"author":[{"embeddable":true,"href":"https:\/\/noticias.unialianzahispana.edu.mx\/index.php?rest_route=\/wp\/v2\/users\/3"}],"replies":[{"embeddable":true,"href":"https:\/\/noticias.unialianzahispana.edu.mx\/index.php?rest_route=%2Fwp%2Fv2%2Fcomments&post=310"}],"version-history":[{"count":1,"href":"https:\/\/noticias.unialianzahispana.edu.mx\/index.php?rest_route=\/wp\/v2\/posts\/310\/revisions"}],"predecessor-version":[{"id":312,"href":"https:\/\/noticias.unialianzahispana.edu.mx\/index.php?rest_route=\/wp\/v2\/posts\/310\/revisions\/312"}],"wp:featuredmedia":[{"embeddable":true,"href":"https:\/\/noticias.unialianzahispana.edu.mx\/index.php?rest_route=\/wp\/v2\/media\/311"}],"wp:attachment":[{"href":"https:\/\/noticias.unialianzahispana.edu.mx\/index.php?rest_route=%2Fwp%2Fv2%2Fmedia&parent=310"}],"wp:term":[{"taxonomy":"category","embeddable":true,"href":"https:\/\/noticias.unialianzahispana.edu.mx\/index.php?rest_route=%2Fwp%2Fv2%2Fcategories&post=310"},{"taxonomy":"post_tag","embeddable":true,"href":"https:\/\/noticias.unialianzahispana.edu.mx\/index.php?rest_route=%2Fwp%2Fv2%2Ftags&post=310"}],"curies":[{"name":"wp","href":"https:\/\/api.w.org\/{rel}","templated":true}]}}