{"id":301,"date":"2025-08-02T16:32:29","date_gmt":"2025-08-02T22:32:29","guid":{"rendered":"https:\/\/noticias.unialianzahispana.edu.mx\/?p=301"},"modified":"2025-08-02T16:32:29","modified_gmt":"2025-08-02T22:32:29","slug":"invitados-especiales-uah-jorge-gamboa","status":"publish","type":"post","link":"https:\/\/noticias.unialianzahispana.edu.mx\/?p=301","title":{"rendered":"INVITADOS ESPECIALES UAH\u00a0 |\u00a0 Jorge Gamboa"},"content":{"rendered":"\n<p>El d\u00eda 16 de julio de 2025, Universidad Alianza Hispana conto con un gran invitado, Jorge Gamboa, Dise\u00f1ador Gr\u00e1fico, Artista Pl\u00e1stico y Muse\u00f3grafo con trayectoria nacional e internacional, destacando las gestiones desde el Departamento de Vinculaci\u00f3n bajo la responsabilidad de Jorge Gonz\u00e1lez Morales.&#x1f3a8;<\/p>\n\n\n\n<p>Comparti\u00f3 con nuestra comunidad universitaria de las Licenciaturas de Dise\u00f1o Gr\u00e1fico y Medios Digitales, Licenciatura en Mercadotecnia y Publicidad, y la Licenciatura de Arquitectura su portafolio y proyectos en los \u00e1mbitos de dise\u00f1o teniendo participaci\u00f3n y colaboraci\u00f3n con Greenpeace , National Geographic, Bienales de Carteles en Latinoam\u00e9rica e Instituciones Internacionales. Adem\u00e1s, en el \u00e1rea museogr\u00e1fica ha colaborado en m\u00e1s de 300 exposiciones en espacios como la Capilla del Arte UDLAP, Galer\u00eda de Arte y Complejo Cultural Universitario (CCU), Museo de Arte de Veracruz e Instituto Municipal de Arte y Cultura de Puebla.&#x1f5bc;<\/p>\n\n\n\n<p>La familia UAH est\u00e1 completamente agradecida por compartir su conocimiento y experiencia con nuestros b\u00fahos para fortalecer su crecimiento personal y profesional.<\/p>\n\n\n\n<p>Bienvenido a la Familia UAH&#x1f3a8;&#x1f9d1;&#x200d;&#x1f4bb;<\/p>\n","protected":false},"excerpt":{"rendered":"<p>El d\u00eda 16 de julio de 2025, Universidad Alianza Hispana conto con un gran invitado, Jorge Gamboa, Dise\u00f1ador Gr\u00e1fico, Artista Pl\u00e1stico y Muse\u00f3grafo con trayectoria nacional e internacional, destacando las gestiones desde el Departamento de Vinculaci\u00f3n bajo la responsabilidad de Jorge Gonz\u00e1lez Morales.&#x1f3a8; Comparti\u00f3 con nuestra comunidad universitaria de las Licenciaturas de Dise\u00f1o Gr\u00e1fico y [&hellip;]<\/p>\n","protected":false},"author":3,"featured_media":303,"comment_status":"open","ping_status":"open","sticky":true,"template":"","format":"standard","meta":[],"categories":[3],"tags":[68,16,47,21,6],"_links":{"self":[{"href":"https:\/\/noticias.unialianzahispana.edu.mx\/index.php?rest_route=\/wp\/v2\/posts\/301"}],"collection":[{"href":"https:\/\/noticias.unialianzahispana.edu.mx\/index.php?rest_route=\/wp\/v2\/posts"}],"about":[{"href":"https:\/\/noticias.unialianzahispana.edu.mx\/index.php?rest_route=\/wp\/v2\/types\/post"}],"author":[{"embeddable":true,"href":"https:\/\/noticias.unialianzahispana.edu.mx\/index.php?rest_route=\/wp\/v2\/users\/3"}],"replies":[{"embeddable":true,"href":"https:\/\/noticias.unialianzahispana.edu.mx\/index.php?rest_route=%2Fwp%2Fv2%2Fcomments&post=301"}],"version-history":[{"count":1,"href":"https:\/\/noticias.unialianzahispana.edu.mx\/index.php?rest_route=\/wp\/v2\/posts\/301\/revisions"}],"predecessor-version":[{"id":302,"href":"https:\/\/noticias.unialianzahispana.edu.mx\/index.php?rest_route=\/wp\/v2\/posts\/301\/revisions\/302"}],"wp:featuredmedia":[{"embeddable":true,"href":"https:\/\/noticias.unialianzahispana.edu.mx\/index.php?rest_route=\/wp\/v2\/media\/303"}],"wp:attachment":[{"href":"https:\/\/noticias.unialianzahispana.edu.mx\/index.php?rest_route=%2Fwp%2Fv2%2Fmedia&parent=301"}],"wp:term":[{"taxonomy":"category","embeddable":true,"href":"https:\/\/noticias.unialianzahispana.edu.mx\/index.php?rest_route=%2Fwp%2Fv2%2Fcategories&post=301"},{"taxonomy":"post_tag","embeddable":true,"href":"https:\/\/noticias.unialianzahispana.edu.mx\/index.php?rest_route=%2Fwp%2Fv2%2Ftags&post=301"}],"curies":[{"name":"wp","href":"https:\/\/api.w.org\/{rel}","templated":true}]}}