{"id":238,"date":"2023-05-05T17:13:58","date_gmt":"2023-05-05T22:13:58","guid":{"rendered":"https:\/\/noticias.unialianzahispana.edu.mx\/?p=238"},"modified":"2023-05-05T17:13:58","modified_gmt":"2023-05-05T22:13:58","slug":"universidad-alianza-hispana-presente-en-desfile-de-5-de-mayo-2023","status":"publish","type":"post","link":"https:\/\/noticias.unialianzahispana.edu.mx\/?p=238","title":{"rendered":"UNIVERSIDAD ALIANZA HISPANA PRESENTE EN DESFILE DE 5 DE MAYO 2023"},"content":{"rendered":"\n<p>La comunidad universitaria particip\u00f3 de manera entusiasta en la Ceremonia y Desfile Conmemorativos de la Batalla del 5 de Mayo, fecha importante para nuestro pa\u00eds, ya que se recuerda con orgullo la victoria del ej\u00e9rcito mexicano sobre el ej\u00e9rcito franc\u00e9s.\u00a0<\/p>\n\n\n\n<p>En esta ocasi\u00f3n el contingente estuvo encabezado por el Mtro. Luis \u00c1ngel Carrasco Gasca-Rector de Universidad Alianza Hispana, acompa\u00f1ado de estudiantes de las diferentes Licenciaturas que se ofertan en esta Casa de Estudios, as\u00ed como de Catedr\u00e1ticas\/os y Personal Administrativo, Directivo y de Servicios, quienes desfilaron entusiastas por las principales v\u00edas de Chignahuapan.<\/p>\n","protected":false},"excerpt":{"rendered":"<p>La comunidad universitaria particip\u00f3 de manera entusiasta en la Ceremonia y Desfile Conmemorativos de la Batalla del 5 de Mayo, fecha importante para nuestro pa\u00eds, ya que se recuerda con orgullo la victoria del ej\u00e9rcito mexicano sobre el ej\u00e9rcito franc\u00e9s.\u00a0 En esta ocasi\u00f3n el contingente estuvo encabezado por el Mtro. Luis \u00c1ngel Carrasco Gasca-Rector de [&hellip;]<\/p>\n","protected":false},"author":3,"featured_media":239,"comment_status":"open","ping_status":"open","sticky":true,"template":"","format":"standard","meta":[],"categories":[3],"tags":[49,48,47,6],"_links":{"self":[{"href":"https:\/\/noticias.unialianzahispana.edu.mx\/index.php?rest_route=\/wp\/v2\/posts\/238"}],"collection":[{"href":"https:\/\/noticias.unialianzahispana.edu.mx\/index.php?rest_route=\/wp\/v2\/posts"}],"about":[{"href":"https:\/\/noticias.unialianzahispana.edu.mx\/index.php?rest_route=\/wp\/v2\/types\/post"}],"author":[{"embeddable":true,"href":"https:\/\/noticias.unialianzahispana.edu.mx\/index.php?rest_route=\/wp\/v2\/users\/3"}],"replies":[{"embeddable":true,"href":"https:\/\/noticias.unialianzahispana.edu.mx\/index.php?rest_route=%2Fwp%2Fv2%2Fcomments&post=238"}],"version-history":[{"count":1,"href":"https:\/\/noticias.unialianzahispana.edu.mx\/index.php?rest_route=\/wp\/v2\/posts\/238\/revisions"}],"predecessor-version":[{"id":244,"href":"https:\/\/noticias.unialianzahispana.edu.mx\/index.php?rest_route=\/wp\/v2\/posts\/238\/revisions\/244"}],"wp:featuredmedia":[{"embeddable":true,"href":"https:\/\/noticias.unialianzahispana.edu.mx\/index.php?rest_route=\/wp\/v2\/media\/239"}],"wp:attachment":[{"href":"https:\/\/noticias.unialianzahispana.edu.mx\/index.php?rest_route=%2Fwp%2Fv2%2Fmedia&parent=238"}],"wp:term":[{"taxonomy":"category","embeddable":true,"href":"https:\/\/noticias.unialianzahispana.edu.mx\/index.php?rest_route=%2Fwp%2Fv2%2Fcategories&post=238"},{"taxonomy":"post_tag","embeddable":true,"href":"https:\/\/noticias.unialianzahispana.edu.mx\/index.php?rest_route=%2Fwp%2Fv2%2Ftags&post=238"}],"curies":[{"name":"wp","href":"https:\/\/api.w.org\/{rel}","templated":true}]}}