{"id":201,"date":"2023-04-24T13:15:11","date_gmt":"2023-04-24T18:15:11","guid":{"rendered":"https:\/\/noticias.unialianzahispana.edu.mx\/?p=201"},"modified":"2023-04-24T13:15:11","modified_gmt":"2023-04-24T18:15:11","slug":"elementos-de-pensamiento-critico-en-paulo-freire-implicaciones-para-la-educacion-superior","status":"publish","type":"post","link":"https:\/\/noticias.unialianzahispana.edu.mx\/?p=201","title":{"rendered":"\u00abELEMENTOS DE PENSAMIENTO CR\u00cdTICO EN PAULO FREIRE: Implicaciones para la Educaci\u00f3n Superior\u00bb"},"content":{"rendered":"\n<p>La Red Regional de Colaboraci\u00f3n Acad\u00e9mica de la Supervisi\u00f3n de Educaci\u00f3n Superior Particular Zona escolar 003 (RedRCA-SESP-003),  le invita a la 5a. Sesi\u00f3n del Seminario \u00abINTERCULTURALIDAD Y PENSAMIENTO CR\u00cdTICO\u00bb, recordando que la finalidad es abrir espacios acad\u00e9micos en donde se favorezca el di\u00e1logo de saberes con expertos en los temas que se han seleccionado, como estrategia para generar espacios de reflexi\u00f3n en nuestra pr\u00e1ctica diaria.<br><br>La 5a. Sesi\u00f3n abordar\u00e1 el tema: \u00abELEMENTOS DE PENSAMIENTO CR\u00cdTICO EN PAULO FREIRE: Implicaciones para la Educaci\u00f3n Superior\u00bb, misma que estar\u00e1 a cargo del Dr. Arturo Espinosa Maldonado, Integrante del Colectivo Acad\u00e9mico Jurhentpeni.<br><br>La cita es el 28 de abril a las 17:00 hrs.\/centro<\/p>\n","protected":false},"excerpt":{"rendered":"<p>La Red Regional de Colaboraci\u00f3n Acad\u00e9mica de la Supervisi\u00f3n de Educaci\u00f3n Superior Particular Zona escolar 003 (RedRCA-SESP-003), le invita a la 5a. Sesi\u00f3n del Seminario \u00abINTERCULTURALIDAD Y PENSAMIENTO CR\u00cdTICO\u00bb, recordando que la finalidad es abrir espacios acad\u00e9micos en donde se favorezca el di\u00e1logo de saberes con expertos en los temas que se han seleccionado, como [&hellip;]<\/p>\n","protected":false},"author":3,"featured_media":204,"comment_status":"open","ping_status":"open","sticky":false,"template":"","format":"standard","meta":[],"categories":[3],"tags":[12],"_links":{"self":[{"href":"https:\/\/noticias.unialianzahispana.edu.mx\/index.php?rest_route=\/wp\/v2\/posts\/201"}],"collection":[{"href":"https:\/\/noticias.unialianzahispana.edu.mx\/index.php?rest_route=\/wp\/v2\/posts"}],"about":[{"href":"https:\/\/noticias.unialianzahispana.edu.mx\/index.php?rest_route=\/wp\/v2\/types\/post"}],"author":[{"embeddable":true,"href":"https:\/\/noticias.unialianzahispana.edu.mx\/index.php?rest_route=\/wp\/v2\/users\/3"}],"replies":[{"embeddable":true,"href":"https:\/\/noticias.unialianzahispana.edu.mx\/index.php?rest_route=%2Fwp%2Fv2%2Fcomments&post=201"}],"version-history":[{"count":2,"href":"https:\/\/noticias.unialianzahispana.edu.mx\/index.php?rest_route=\/wp\/v2\/posts\/201\/revisions"}],"predecessor-version":[{"id":205,"href":"https:\/\/noticias.unialianzahispana.edu.mx\/index.php?rest_route=\/wp\/v2\/posts\/201\/revisions\/205"}],"wp:featuredmedia":[{"embeddable":true,"href":"https:\/\/noticias.unialianzahispana.edu.mx\/index.php?rest_route=\/wp\/v2\/media\/204"}],"wp:attachment":[{"href":"https:\/\/noticias.unialianzahispana.edu.mx\/index.php?rest_route=%2Fwp%2Fv2%2Fmedia&parent=201"}],"wp:term":[{"taxonomy":"category","embeddable":true,"href":"https:\/\/noticias.unialianzahispana.edu.mx\/index.php?rest_route=%2Fwp%2Fv2%2Fcategories&post=201"},{"taxonomy":"post_tag","embeddable":true,"href":"https:\/\/noticias.unialianzahispana.edu.mx\/index.php?rest_route=%2Fwp%2Fv2%2Ftags&post=201"}],"curies":[{"name":"wp","href":"https:\/\/api.w.org\/{rel}","templated":true}]}}