{"id":171,"date":"2023-02-20T10:56:48","date_gmt":"2023-02-20T16:56:48","guid":{"rendered":"https:\/\/noticias.unialianzahispana.edu.mx\/?p=171"},"modified":"2023-02-20T10:56:48","modified_gmt":"2023-02-20T16:56:48","slug":"1er-encuentro-regional-de-vinculacion-academica-y-con-la-comunidad","status":"publish","type":"post","link":"https:\/\/noticias.unialianzahispana.edu.mx\/?p=171","title":{"rendered":"1ER. ENCUENTRO REGIONAL DE VINCULACI\u00d3N ACAD\u00c9MICA Y CON LA COMUNIDAD"},"content":{"rendered":"\n<p>La Red Regional de Colaboraci\u00f3n Acad\u00e9mica de la Zona Escolar de Educaci\u00f3n Superior Particular 003  (REDRCA-SESP-003), te invita al 1er. Encuentro Regional de Vinculaci\u00f3n Acad\u00e9mica y con la Comunidad, a realizarse este martes 21 de febrero del a\u00f1o en curso.<\/p>\n","protected":false},"excerpt":{"rendered":"<p>La Red Regional de Colaboraci\u00f3n Acad\u00e9mica de la Zona Escolar de Educaci\u00f3n Superior Particular 003 (REDRCA-SESP-003), te invita al 1er. Encuentro Regional de Vinculaci\u00f3n Acad\u00e9mica y con la Comunidad, a realizarse este martes 21 de febrero del a\u00f1o en curso.<\/p>\n","protected":false},"author":3,"featured_media":177,"comment_status":"open","ping_status":"open","sticky":true,"template":"","format":"standard","meta":[],"categories":[3],"tags":[33,35,37,12,34,36],"_links":{"self":[{"href":"https:\/\/noticias.unialianzahispana.edu.mx\/index.php?rest_route=\/wp\/v2\/posts\/171"}],"collection":[{"href":"https:\/\/noticias.unialianzahispana.edu.mx\/index.php?rest_route=\/wp\/v2\/posts"}],"about":[{"href":"https:\/\/noticias.unialianzahispana.edu.mx\/index.php?rest_route=\/wp\/v2\/types\/post"}],"author":[{"embeddable":true,"href":"https:\/\/noticias.unialianzahispana.edu.mx\/index.php?rest_route=\/wp\/v2\/users\/3"}],"replies":[{"embeddable":true,"href":"https:\/\/noticias.unialianzahispana.edu.mx\/index.php?rest_route=%2Fwp%2Fv2%2Fcomments&post=171"}],"version-history":[{"count":2,"href":"https:\/\/noticias.unialianzahispana.edu.mx\/index.php?rest_route=\/wp\/v2\/posts\/171\/revisions"}],"predecessor-version":[{"id":178,"href":"https:\/\/noticias.unialianzahispana.edu.mx\/index.php?rest_route=\/wp\/v2\/posts\/171\/revisions\/178"}],"wp:featuredmedia":[{"embeddable":true,"href":"https:\/\/noticias.unialianzahispana.edu.mx\/index.php?rest_route=\/wp\/v2\/media\/177"}],"wp:attachment":[{"href":"https:\/\/noticias.unialianzahispana.edu.mx\/index.php?rest_route=%2Fwp%2Fv2%2Fmedia&parent=171"}],"wp:term":[{"taxonomy":"category","embeddable":true,"href":"https:\/\/noticias.unialianzahispana.edu.mx\/index.php?rest_route=%2Fwp%2Fv2%2Fcategories&post=171"},{"taxonomy":"post_tag","embeddable":true,"href":"https:\/\/noticias.unialianzahispana.edu.mx\/index.php?rest_route=%2Fwp%2Fv2%2Ftags&post=171"}],"curies":[{"name":"wp","href":"https:\/\/api.w.org\/{rel}","templated":true}]}}