{"id":159,"date":"2023-01-24T09:41:11","date_gmt":"2023-01-24T15:41:11","guid":{"rendered":"https:\/\/noticias.unialianzahispana.edu.mx\/?p=159"},"modified":"2023-01-24T09:41:11","modified_gmt":"2023-01-24T15:41:11","slug":"3a-sesion-del-seminario-interculturalidad-y-pensamiento-critico","status":"publish","type":"post","link":"https:\/\/noticias.unialianzahispana.edu.mx\/?p=159","title":{"rendered":"3a. Sesi\u00f3n del Seminario Interculturalidad y Pensamiento Cr\u00edtico"},"content":{"rendered":"\n<p>La Red Regional de Colaboraci\u00f3n Acad\u00e9mica de la Supervisi\u00f3n de Educaci\u00f3n Superior Particular Zona escolar 003, agradece su participaci\u00f3n a la \u00ab3a. Sesi\u00f3n del  Seminario Interculturalidad y Pensamiento Cr\u00edtico\u00bb<br><br>Tema:<br><br>\u00abFilosof\u00eda de la esperanza\u00bb<br><br>Con la colaboraci\u00f3n Acad\u00e9mica a cargo del Mtro. V\u00edctor J. Echeverr\u00eda Valenzuela<br><br>Presidente de la Red de  Investigadoras\/es Educativos en M\u00e9xico (REDIEEM) y Acad\u00e9mico de la Escuela Normal de la Monta\u00f1a del Estado de Guerrero,  que se realizar\u00e1 el jueves 26 de enero de 2023  a partir de las  17:00 horas.<br><\/p>\n","protected":false},"excerpt":{"rendered":"<p>La Red Regional de Colaboraci\u00f3n Acad\u00e9mica de la Supervisi\u00f3n de Educaci\u00f3n Superior Particular Zona escolar 003, agradece su participaci\u00f3n a la \u00ab3a. Sesi\u00f3n del Seminario Interculturalidad y Pensamiento Cr\u00edtico\u00bb Tema: \u00abFilosof\u00eda de la esperanza\u00bb Con la colaboraci\u00f3n Acad\u00e9mica a cargo del Mtro. V\u00edctor J. Echeverr\u00eda Valenzuela Presidente de la Red de Investigadoras\/es Educativos en M\u00e9xico [&hellip;]<\/p>\n","protected":false},"author":3,"featured_media":162,"comment_status":"open","ping_status":"open","sticky":true,"template":"","format":"standard","meta":[],"categories":[3],"tags":[],"_links":{"self":[{"href":"https:\/\/noticias.unialianzahispana.edu.mx\/index.php?rest_route=\/wp\/v2\/posts\/159"}],"collection":[{"href":"https:\/\/noticias.unialianzahispana.edu.mx\/index.php?rest_route=\/wp\/v2\/posts"}],"about":[{"href":"https:\/\/noticias.unialianzahispana.edu.mx\/index.php?rest_route=\/wp\/v2\/types\/post"}],"author":[{"embeddable":true,"href":"https:\/\/noticias.unialianzahispana.edu.mx\/index.php?rest_route=\/wp\/v2\/users\/3"}],"replies":[{"embeddable":true,"href":"https:\/\/noticias.unialianzahispana.edu.mx\/index.php?rest_route=%2Fwp%2Fv2%2Fcomments&post=159"}],"version-history":[{"count":2,"href":"https:\/\/noticias.unialianzahispana.edu.mx\/index.php?rest_route=\/wp\/v2\/posts\/159\/revisions"}],"predecessor-version":[{"id":163,"href":"https:\/\/noticias.unialianzahispana.edu.mx\/index.php?rest_route=\/wp\/v2\/posts\/159\/revisions\/163"}],"wp:featuredmedia":[{"embeddable":true,"href":"https:\/\/noticias.unialianzahispana.edu.mx\/index.php?rest_route=\/wp\/v2\/media\/162"}],"wp:attachment":[{"href":"https:\/\/noticias.unialianzahispana.edu.mx\/index.php?rest_route=%2Fwp%2Fv2%2Fmedia&parent=159"}],"wp:term":[{"taxonomy":"category","embeddable":true,"href":"https:\/\/noticias.unialianzahispana.edu.mx\/index.php?rest_route=%2Fwp%2Fv2%2Fcategories&post=159"},{"taxonomy":"post_tag","embeddable":true,"href":"https:\/\/noticias.unialianzahispana.edu.mx\/index.php?rest_route=%2Fwp%2Fv2%2Ftags&post=159"}],"curies":[{"name":"wp","href":"https:\/\/api.w.org\/{rel}","templated":true}]}}