{"id":132,"date":"2022-11-15T12:38:00","date_gmt":"2022-11-15T18:38:00","guid":{"rendered":"https:\/\/noticias.unialianzahispana.edu.mx\/?p=132"},"modified":"2022-11-15T12:38:00","modified_gmt":"2022-11-15T18:38:00","slug":"reconocimiento-y-respeto-de-la-diversidad-de-saberes","status":"publish","type":"post","link":"https:\/\/noticias.unialianzahispana.edu.mx\/?p=132","title":{"rendered":"\u00abReconocimiento y Respeto de la Diversidad de Saberes\u00bb"},"content":{"rendered":"\n<p>La Red Regional de Colaboraci\u00f3n Acad\u00e9mica de la Supervisi\u00f3n de Educaci\u00f3n Superior Particular Zona Escolar 003, invita a la 2a. Sesi\u00f3n del \u00abSeminario de Interculturalidad y Pensamiento Cr\u00edtico\u00bb, misma que estar\u00e1 a cargo del Dr. Axay\u00e1catl Segundo Cabello, quien es Investigador en el Colegio de la Frontera Sur, donde forma parte del grupo de Estudios Interdisciplinarios Mayas y Naturaleza (EIMyN) y Acad\u00e9mico del CREN Javier Rojo G\u00f3mez de Bacalar, Quintana Roo.<br><br>D\u00eda: Mi\u00e9rcoles 16 de noviembre de 2022 <br>Horario: 17:00 horas<br><br>Sigue la trasmisi\u00f3n en la p\u00e1gina de Facebook de la Red<br>https:\/\/www.facebook.com\/profile.php?id=100085877930688<br><\/p>\n","protected":false},"excerpt":{"rendered":"<p>La Red Regional de Colaboraci\u00f3n Acad\u00e9mica de la Supervisi\u00f3n de Educaci\u00f3n Superior Particular Zona Escolar 003, invita a la 2a. Sesi\u00f3n del \u00abSeminario de Interculturalidad y Pensamiento Cr\u00edtico\u00bb, misma que estar\u00e1 a cargo del Dr. Axay\u00e1catl Segundo Cabello, quien es Investigador en el Colegio de la Frontera Sur, donde forma parte del grupo de Estudios [&hellip;]<\/p>\n","protected":false},"author":3,"featured_media":135,"comment_status":"open","ping_status":"open","sticky":true,"template":"","format":"standard","meta":[],"categories":[3],"tags":[13,10,9,7,6],"_links":{"self":[{"href":"https:\/\/noticias.unialianzahispana.edu.mx\/index.php?rest_route=\/wp\/v2\/posts\/132"}],"collection":[{"href":"https:\/\/noticias.unialianzahispana.edu.mx\/index.php?rest_route=\/wp\/v2\/posts"}],"about":[{"href":"https:\/\/noticias.unialianzahispana.edu.mx\/index.php?rest_route=\/wp\/v2\/types\/post"}],"author":[{"embeddable":true,"href":"https:\/\/noticias.unialianzahispana.edu.mx\/index.php?rest_route=\/wp\/v2\/users\/3"}],"replies":[{"embeddable":true,"href":"https:\/\/noticias.unialianzahispana.edu.mx\/index.php?rest_route=%2Fwp%2Fv2%2Fcomments&post=132"}],"version-history":[{"count":2,"href":"https:\/\/noticias.unialianzahispana.edu.mx\/index.php?rest_route=\/wp\/v2\/posts\/132\/revisions"}],"predecessor-version":[{"id":136,"href":"https:\/\/noticias.unialianzahispana.edu.mx\/index.php?rest_route=\/wp\/v2\/posts\/132\/revisions\/136"}],"wp:featuredmedia":[{"embeddable":true,"href":"https:\/\/noticias.unialianzahispana.edu.mx\/index.php?rest_route=\/wp\/v2\/media\/135"}],"wp:attachment":[{"href":"https:\/\/noticias.unialianzahispana.edu.mx\/index.php?rest_route=%2Fwp%2Fv2%2Fmedia&parent=132"}],"wp:term":[{"taxonomy":"category","embeddable":true,"href":"https:\/\/noticias.unialianzahispana.edu.mx\/index.php?rest_route=%2Fwp%2Fv2%2Fcategories&post=132"},{"taxonomy":"post_tag","embeddable":true,"href":"https:\/\/noticias.unialianzahispana.edu.mx\/index.php?rest_route=%2Fwp%2Fv2%2Ftags&post=132"}],"curies":[{"name":"wp","href":"https:\/\/api.w.org\/{rel}","templated":true}]}}